{"id":3158,"date":"2026-01-02T15:11:48","date_gmt":"2026-01-02T13:11:48","guid":{"rendered":"https:\/\/promocioeconomica.paeria.cat\/web\/?p=3158"},"modified":"2026-01-02T15:11:50","modified_gmt":"2026-01-02T13:11:50","slug":"alcalde-larrosa-lleida-es-una-ciutat-dacollida-i-una-ciutat-doportunitats","status":"publish","type":"post","link":"https:\/\/promocioeconomica.paeria.cat\/web\/alcalde-larrosa-lleida-es-una-ciutat-dacollida-i-una-ciutat-doportunitats\/","title":{"rendered":"Alcalde Larrosa: \u201cLleida \u00e9s una ciutat d\u2019acollida i una ciutat d\u2019oportunitats\u201c"},"content":{"rendered":"\n<p><strong>La Paeria presenta&nbsp;<\/strong><strong>el nou programa De Lleida al m\u00f3n, en el marc de la 18a Recepci\u00f3 als Ambaixadors i les Ambaixadores de Lleida, aquest any a l\u2019Espai d\u2019Innovaci\u00f3 del Comer\u00e7<\/strong><\/p>\n\n\n\n<p><strong>El nou programa incorpora la renovaci\u00f3 de la ins\u00edgnia i nous perfils digitals i professionals, essencials per desplegar la potencialitat de Lleida arreu del m\u00f3n<\/strong><\/p>\n\n\n\n<p>La Recepci\u00f3 a les Ambaixadores i Ambaixadors de Lleida arriba aquest any a la majoria d\u2019edat fent un salt endavant per adaptar-se millor al segle XXI, coincidint amb la renovaci\u00f3 de l\u2019ens de promoci\u00f3 tur\u00edstica de Lleida, Lleida Turisme. Amb aquest esperit, l\u2019Ajuntament de Lleida ha presentat avui el nou programa De Lleida al m\u00f3n, que mant\u00e9 la recepci\u00f3 i els ambaixadors i ambaixadores actuals i incorpora nous perfils digitals i professionals que esdevenen crucials per a desplegar la potencialitat de Lleida arreu del m\u00f3n.<\/p>\n\n\n\n<p>L\u2019alcalde, F\u00e8lix Larrosa, ha agra\u00eft als ambaixadors i a les ambaixadores la seva aportaci\u00f3 per internacionalitzar Lleida i els ha demanat col\u00b7laboraci\u00f3 per transmetre que \u00e9s una \u201cciutat de valors, que vol ser estimada i que estima\u201d, fent refer\u00e8ncia a la&nbsp;<a href=\"https:\/\/www.paeria.cat\/ca\/actualitat\/noticies\/el-comerc-el-garrotin-i-la-gastronomia-eixos-de-la-primera-fase-de-la-nova-campanya-d2019imatge-i-promocio-de-lleida\">campanya institucional \u201cLleida t\u2019estima\u201d.<\/a>&nbsp;\u201cCal que estimem Lleida i que la cuidem entre tots i totes.\u201d, ha apuntat. Tamb\u00e9 ha destacat que Lleida \u00e9s una \u201cciutat d\u2019acollida sempre\u201d, que \u201cbusca avan\u00e7ar en equitat per donar m\u00e9s oportunitats\u201d i que \u201cno pot deixar ning\u00fa enrere\u201d.<\/p>\n\n\n\n<p>En la mateixa l\u00ednia, la regidora de Promoci\u00f3 de la Ciutat, Pilar Bosch, ha afirmat que \u201cLleida \u00e9s terra d\u2019oportunitats i mira el m\u00f3n sabent on t\u00e9 les seves arrels\u201d i n\u2019ha destacat elements identitaris com l\u2019accent i la boira. Bosch tamb\u00e9 ha explicat les activitats que s\u2019han fet aquest any per promocionar la ciutat, com la renovaci\u00f3 del bus tur\u00edstic,&nbsp;<a href=\"https:\/\/www.paeria.cat\/ca\/actualitat\/noticies\/la-paeria-recupera-el-premi-internacional-201cciutat-de-lleida201d\">la recuperaci\u00f3 del Premi Internacional Ciutat de Lleida<\/a>, la creaci\u00f3 de la&nbsp;<a href=\"https:\/\/www.paeria.cat\/ca\/actualitat\/noticies\/la-lleidatana-andrea-budau-guanya-la-beca-ricard-vines-2025\">Beca Ricard Vi\u00f1es<\/a>&nbsp;o la&nbsp;<a href=\"https:\/\/www.paeria.cat\/ca\/actualitat\/noticies\/nova-entrada-unica-per-visitar-el-morera-el-museu-de-lleida-la-seu-vella-i-el-castell-templer-de-gardeny\">Lleida City Pass<\/a>, amb la qual s\u2019ha obsequiat a tots els ambaixadors i ambaixadores.<\/p>\n\n\n\n<p>La directora de Lleida Turisme, M\u00f2nica Terrado, ha presentat el nou programa, que vols sumar persones nascudes a Lleida que per motius professionals, acad\u00e8mics, familiars o personals han canviat la seva resid\u00e8ncia, a m\u00e9s de gent d\u2019arreu que arriba a la ciutat. Es vol fer una especial atenci\u00f3 a l\u2019estudiantat d\u2019Erasmus que cada curs arriba a Lleida des de les diferents Universitats d\u2019Europa, a l\u2019estudiantat de la Universitat de Lleida que cada curs es despla\u00e7a a altres universitats europees,&nbsp;<em>influencers<\/em>, professionals i creadors d\u2019opini\u00f3 tant de l\u2019\u00e0mbit anal\u00f2gic com de l\u2019\u00e0mbit digital que hagin impulsat la projecci\u00f3 tur\u00edstica i l\u2019inter\u00e8s cap a la ciutat de Lleida, investigadors i membres&nbsp;de l\u2019escola de pilots de l\u2019aeroport Lleida Alguaire que aglutina perfils internacionals en els seus nivells de formaci\u00f3, prescriptors i prescriptores de Lleida com a node per al Turisme de Negocis i creadors de grans esdeveniments a la ciutat que la projectin m\u00e9s enll\u00e0 del territori de Lleida. El programa mantindr\u00e0 la tradicional recepci\u00f3 al voltant de les festes de Nadal, coincidint amb el retorn a Lleida de moltes d\u2019aquestes persones i s\u2019organitzaran reunions o trobades tem\u00e0tiques per crear xarxa, a m\u00e9s de campanyes col\u00b7laboratives.<\/p>\n\n\n\n<p>Al seu torn, els i les prescriptores de la ciutat tenen un tracte preferencial en la tramesa de comunicacions de promoci\u00f3 tur\u00edstica i ciutadana, promocions d\u2019accions o esdeveniments que es fan a Lleida, o acc\u00e9s a les comunicacions que es realitzen des de Lleida Turisme.<\/p>\n\n\n\n<p><strong>Nou pin identificatiu<\/strong><\/p>\n\n\n\n<p>Avui s\u2019ha presentat tamb\u00e9 el nou disseny de la ins\u00edgnia que identifica els ambaixadors i les ambaixadores de la ciutat. La nova credencial identificativa del nou programa en forma de pin s\u2019ha imposat al paer en cap i s\u2019ha entregat a la setantena d\u2019ambaixadors i ambaixadores que han assistit a la recepci\u00f3, dels prop de 700 que hi ha registrats.<\/p>\n\n\n\n<p>Aquest any s\u2019incorporen com a prescriptors de la ciutat que viuen fora de Lleida Jan Castell\u00f3n, un jove de Lleida que es dedica professionalment al ciclisme a Pamplona; Ares Navarro, responsable d\u2019exposicions internacional del museu M+ de Hong Kong; i Maria Pe\u00f1ascal, creadora de contingut tur\u00edstic al Jap\u00f3; Jana Ru\u00e9 Glutting, que fa recerca a Berl\u00edn; i Guillem Atienza, attrezzista i dissenyador de producci\u00f3 a Londres. Tamb\u00e9 persones que des d\u2019aqu\u00ed donen a con\u00e8ixer Lleida al m\u00f3n: Alice Rossignoli, estudiant brasilera que fa un Erasmus del grau de Nutrici\u00f3 a Lleida; Ferran Barb\u00e9 Illa, pneum\u00f2leg investigador que ha posicionat Lleida com un dels nuclis d\u2019excel\u00b7l\u00e8ncia en recerca de medicina respirat\u00f2ria en l&#8217;\u00e0mbit internacional; i Marc Ceron, empresari conseller delegat d\u2019ILSER GRUP amb seu a Espanya i Andorra, i vicepresident de grups empresarials amb seu a Par\u00eds i a Florida. Les noves incorporacions han explicat la seva experi\u00e8ncia, juntament amb la doctora en Estudis Human\u00edstics per la Universitat de Trento Michela Giovannini, que ho ha fet via telem\u00e0tica des de Mil\u00e0.<\/p>\n\n\n\n<p>Una altra nova ambaixadora, Ares Gratal, ha posat m\u00fasica a la trobada amb la interpretaci\u00f3 de la&nbsp;<a href=\"https:\/\/www.youtube.com\/watch?v=3QZaaEbx1Zg\">nadala \u201cPerqu\u00e8 \u00e9s Nadal\u201d<\/a>, acomanyada a l\u2019acordi\u00f3 per Ira Shiran. Gratal s\u2019ha format a l\u2019escola d\u2019acordi\u00f3 de Lleida i viu i compon entre Lleida i Berl\u00edn.<\/p>\n\n\n\n<p>En l\u2019acte, que ha tingut lloc al nou Espai d\u2019Innovaci\u00f3 del Comer\u00e7, ha comptat amb l\u2019assist\u00e8ncia de la tinent d\u2019alcalde Carme Valls i de diversos regidors i regidores.<a href=\"https:\/\/www.paeria.cat\/ca\/actualitat\/noticies\"><\/a><\/p>\n","protected":false},"excerpt":{"rendered":"<p>La Paeria presenta&nbsp;el nou programa De Lleida al m\u00f3n, en el marc de la 18a Recepci\u00f3 als Ambaixadors i les Ambaixadores de Lleida, aquest any a l\u2019Espai d\u2019Innovaci\u00f3 del Comer\u00e7 El nou programa incorpora la renovaci\u00f3 de la ins\u00edgnia i nous perfils digitals i professionals, essencials per desplegar la potencialitat de Lleida arreu del m\u00f3n &#8230; <a title=\"Alcalde Larrosa: \u201cLleida \u00e9s una ciutat d\u2019acollida i una ciutat d\u2019oportunitats\u201c\" class=\"read-more\" href=\"https:\/\/promocioeconomica.paeria.cat\/web\/alcalde-larrosa-lleida-es-una-ciutat-dacollida-i-una-ciutat-doportunitats\/\" aria-label=\"M\u00e9s informaci\u00f3 sobre Alcalde Larrosa: \u201cLleida \u00e9s una ciutat d\u2019acollida i una ciutat d\u2019oportunitats\u201c\">Llegiu m\u00e9s<\/a><\/p>\n","protected":false},"author":17,"featured_media":3159,"comment_status":"closed","ping_status":"closed","sticky":false,"template":"","format":"standard","meta":{"_sitemap_exclude":false,"_sitemap_priority":"","_sitemap_frequency":"","footnotes":""},"categories":[1],"tags":[],"class_list":["post-3158","post","type-post","status-publish","format-standard","has-post-thumbnail","hentry","category-general"],"yoast_head":"<!-- This site is optimized with the Yoast SEO plugin v27.4 - https:\/\/yoast.com\/product\/yoast-seo-wordpress\/ -->\n<title>Alcalde Larrosa: \u201cLleida \u00e9s una ciutat d\u2019acollida i una ciutat d\u2019oportunitats\u201c - Promoci\u00f3 Econ\u00f2mica i Emprenedoria<\/title>\n<meta name=\"robots\" content=\"index, follow, max-snippet:-1, max-image-preview:large, max-video-preview:-1\" \/>\n<link rel=\"canonical\" href=\"https:\/\/promocioeconomica.paeria.cat\/web\/alcalde-larrosa-lleida-es-una-ciutat-dacollida-i-una-ciutat-doportunitats\/\" \/>\n<meta property=\"og:locale\" content=\"ca_ES\" \/>\n<meta property=\"og:type\" content=\"article\" \/>\n<meta property=\"og:title\" content=\"Alcalde Larrosa: \u201cLleida \u00e9s una ciutat d\u2019acollida i una ciutat d\u2019oportunitats\u201c - Promoci\u00f3 Econ\u00f2mica i Emprenedoria\" \/>\n<meta property=\"og:description\" content=\"La Paeria presenta&nbsp;el nou programa De Lleida al m\u00f3n, en el marc de la 18a Recepci\u00f3 als Ambaixadors i les Ambaixadores de Lleida, aquest any a l\u2019Espai d\u2019Innovaci\u00f3 del Comer\u00e7 El nou programa incorpora la renovaci\u00f3 de la ins\u00edgnia i nous perfils digitals i professionals, essencials per desplegar la potencialitat de Lleida arreu del m\u00f3n ... Llegiu m\u00e9s\" \/>\n<meta property=\"og:url\" content=\"https:\/\/promocioeconomica.paeria.cat\/web\/alcalde-larrosa-lleida-es-una-ciutat-dacollida-i-una-ciutat-doportunitats\/\" \/>\n<meta property=\"og:site_name\" content=\"Promoci\u00f3 Econ\u00f2mica i Emprenedoria\" \/>\n<meta property=\"article:published_time\" content=\"2026-01-02T13:11:48+00:00\" \/>\n<meta property=\"article:modified_time\" content=\"2026-01-02T13:11:50+00:00\" \/>\n<meta property=\"og:image\" content=\"https:\/\/promocioeconomica.paeria.cat\/web\/wp-content\/uploads\/2026\/01\/large-1.jpeg\" \/>\n\t<meta property=\"og:image:width\" content=\"768\" \/>\n\t<meta property=\"og:image:height\" content=\"511\" \/>\n\t<meta property=\"og:image:type\" content=\"image\/jpeg\" \/>\n<meta name=\"author\" content=\"Rebeca Riots\" \/>\n<meta name=\"twitter:card\" content=\"summary_large_image\" \/>\n<meta name=\"twitter:label1\" content=\"Escrit per\" \/>\n\t<meta name=\"twitter:data1\" content=\"Rebeca Riots\" \/>\n\t<meta name=\"twitter:label2\" content=\"Temps estimat de lectura\" \/>\n\t<meta name=\"twitter:data2\" content=\"5 minuts\" \/>\n<script type=\"application\/ld+json\" class=\"yoast-schema-graph\">{\"@context\":\"https:\\\/\\\/schema.org\",\"@graph\":[{\"@type\":\"Article\",\"@id\":\"https:\\\/\\\/promocioeconomica.paeria.cat\\\/web\\\/alcalde-larrosa-lleida-es-una-ciutat-dacollida-i-una-ciutat-doportunitats\\\/#article\",\"isPartOf\":{\"@id\":\"https:\\\/\\\/promocioeconomica.paeria.cat\\\/web\\\/alcalde-larrosa-lleida-es-una-ciutat-dacollida-i-una-ciutat-doportunitats\\\/\"},\"author\":{\"name\":\"Rebeca Riots\",\"@id\":\"https:\\\/\\\/promocioeconomica.paeria.cat\\\/web\\\/#\\\/schema\\\/person\\\/8914c85e1561bd3ee05ed7a9a966c940\"},\"headline\":\"Alcalde Larrosa: \u201cLleida \u00e9s una ciutat d\u2019acollida i una ciutat d\u2019oportunitats\u201c\",\"datePublished\":\"2026-01-02T13:11:48+00:00\",\"dateModified\":\"2026-01-02T13:11:50+00:00\",\"mainEntityOfPage\":{\"@id\":\"https:\\\/\\\/promocioeconomica.paeria.cat\\\/web\\\/alcalde-larrosa-lleida-es-una-ciutat-dacollida-i-una-ciutat-doportunitats\\\/\"},\"wordCount\":976,\"publisher\":{\"@id\":\"https:\\\/\\\/promocioeconomica.paeria.cat\\\/web\\\/#organization\"},\"image\":{\"@id\":\"https:\\\/\\\/promocioeconomica.paeria.cat\\\/web\\\/alcalde-larrosa-lleida-es-una-ciutat-dacollida-i-una-ciutat-doportunitats\\\/#primaryimage\"},\"thumbnailUrl\":\"https:\\\/\\\/promocioeconomica.paeria.cat\\\/web\\\/wp-content\\\/uploads\\\/2026\\\/01\\\/large-1.jpeg\",\"articleSection\":[\"General\"],\"inLanguage\":\"ca\"},{\"@type\":\"WebPage\",\"@id\":\"https:\\\/\\\/promocioeconomica.paeria.cat\\\/web\\\/alcalde-larrosa-lleida-es-una-ciutat-dacollida-i-una-ciutat-doportunitats\\\/\",\"url\":\"https:\\\/\\\/promocioeconomica.paeria.cat\\\/web\\\/alcalde-larrosa-lleida-es-una-ciutat-dacollida-i-una-ciutat-doportunitats\\\/\",\"name\":\"Alcalde Larrosa: \u201cLleida \u00e9s una ciutat d\u2019acollida i una ciutat d\u2019oportunitats\u201c - Promoci\u00f3 Econ\u00f2mica i Emprenedoria\",\"isPartOf\":{\"@id\":\"https:\\\/\\\/promocioeconomica.paeria.cat\\\/web\\\/#website\"},\"primaryImageOfPage\":{\"@id\":\"https:\\\/\\\/promocioeconomica.paeria.cat\\\/web\\\/alcalde-larrosa-lleida-es-una-ciutat-dacollida-i-una-ciutat-doportunitats\\\/#primaryimage\"},\"image\":{\"@id\":\"https:\\\/\\\/promocioeconomica.paeria.cat\\\/web\\\/alcalde-larrosa-lleida-es-una-ciutat-dacollida-i-una-ciutat-doportunitats\\\/#primaryimage\"},\"thumbnailUrl\":\"https:\\\/\\\/promocioeconomica.paeria.cat\\\/web\\\/wp-content\\\/uploads\\\/2026\\\/01\\\/large-1.jpeg\",\"datePublished\":\"2026-01-02T13:11:48+00:00\",\"dateModified\":\"2026-01-02T13:11:50+00:00\",\"breadcrumb\":{\"@id\":\"https:\\\/\\\/promocioeconomica.paeria.cat\\\/web\\\/alcalde-larrosa-lleida-es-una-ciutat-dacollida-i-una-ciutat-doportunitats\\\/#breadcrumb\"},\"inLanguage\":\"ca\",\"potentialAction\":[{\"@type\":\"ReadAction\",\"target\":[\"https:\\\/\\\/promocioeconomica.paeria.cat\\\/web\\\/alcalde-larrosa-lleida-es-una-ciutat-dacollida-i-una-ciutat-doportunitats\\\/\"]}]},{\"@type\":\"ImageObject\",\"inLanguage\":\"ca\",\"@id\":\"https:\\\/\\\/promocioeconomica.paeria.cat\\\/web\\\/alcalde-larrosa-lleida-es-una-ciutat-dacollida-i-una-ciutat-doportunitats\\\/#primaryimage\",\"url\":\"https:\\\/\\\/promocioeconomica.paeria.cat\\\/web\\\/wp-content\\\/uploads\\\/2026\\\/01\\\/large-1.jpeg\",\"contentUrl\":\"https:\\\/\\\/promocioeconomica.paeria.cat\\\/web\\\/wp-content\\\/uploads\\\/2026\\\/01\\\/large-1.jpeg\",\"width\":768,\"height\":511},{\"@type\":\"BreadcrumbList\",\"@id\":\"https:\\\/\\\/promocioeconomica.paeria.cat\\\/web\\\/alcalde-larrosa-lleida-es-una-ciutat-dacollida-i-una-ciutat-doportunitats\\\/#breadcrumb\",\"itemListElement\":[{\"@type\":\"ListItem\",\"position\":1,\"name\":\"Inici\",\"item\":\"https:\\\/\\\/promocioeconomica.paeria.cat\\\/web\\\/\"},{\"@type\":\"ListItem\",\"position\":2,\"name\":\"Alcalde Larrosa: \u201cLleida \u00e9s una ciutat d\u2019acollida i una ciutat d\u2019oportunitats\u201c\"}]},{\"@type\":\"WebSite\",\"@id\":\"https:\\\/\\\/promocioeconomica.paeria.cat\\\/web\\\/#website\",\"url\":\"https:\\\/\\\/promocioeconomica.paeria.cat\\\/web\\\/\",\"name\":\"Promoci\u00f3 Econ\u00f2mica i Emprenedoria\",\"description\":\"Regidoria de Promoci\u00f3 Econ\u00f2mica i Emprenedoria\",\"publisher\":{\"@id\":\"https:\\\/\\\/promocioeconomica.paeria.cat\\\/web\\\/#organization\"},\"potentialAction\":[{\"@type\":\"SearchAction\",\"target\":{\"@type\":\"EntryPoint\",\"urlTemplate\":\"https:\\\/\\\/promocioeconomica.paeria.cat\\\/web\\\/?s={search_term_string}\"},\"query-input\":{\"@type\":\"PropertyValueSpecification\",\"valueRequired\":true,\"valueName\":\"search_term_string\"}}],\"inLanguage\":\"ca\"},{\"@type\":\"Organization\",\"@id\":\"https:\\\/\\\/promocioeconomica.paeria.cat\\\/web\\\/#organization\",\"name\":\"Ajuntament de Lleida\",\"url\":\"https:\\\/\\\/promocioeconomica.paeria.cat\\\/web\\\/\",\"logo\":{\"@type\":\"ImageObject\",\"inLanguage\":\"ca\",\"@id\":\"https:\\\/\\\/promocioeconomica.paeria.cat\\\/web\\\/#\\\/schema\\\/logo\\\/image\\\/\",\"url\":\"https:\\\/\\\/promocioeconomica.paeria.cat\\\/web\\\/wp-content\\\/uploads\\\/2021\\\/06\\\/capcalera-promocio-economica.png\",\"contentUrl\":\"https:\\\/\\\/promocioeconomica.paeria.cat\\\/web\\\/wp-content\\\/uploads\\\/2021\\\/06\\\/capcalera-promocio-economica.png\",\"width\":1100,\"height\":221,\"caption\":\"Ajuntament de Lleida\"},\"image\":{\"@id\":\"https:\\\/\\\/promocioeconomica.paeria.cat\\\/web\\\/#\\\/schema\\\/logo\\\/image\\\/\"}},{\"@type\":\"Person\",\"@id\":\"https:\\\/\\\/promocioeconomica.paeria.cat\\\/web\\\/#\\\/schema\\\/person\\\/8914c85e1561bd3ee05ed7a9a966c940\",\"name\":\"Rebeca Riots\",\"image\":{\"@type\":\"ImageObject\",\"inLanguage\":\"ca\",\"@id\":\"https:\\\/\\\/secure.gravatar.com\\\/avatar\\\/40ac44f726dab2542907c82ba2e9b4df3a1a3d6a5b490fd7829893a7ade8cd8f?s=96&d=mm&r=g\",\"url\":\"https:\\\/\\\/secure.gravatar.com\\\/avatar\\\/40ac44f726dab2542907c82ba2e9b4df3a1a3d6a5b490fd7829893a7ade8cd8f?s=96&d=mm&r=g\",\"contentUrl\":\"https:\\\/\\\/secure.gravatar.com\\\/avatar\\\/40ac44f726dab2542907c82ba2e9b4df3a1a3d6a5b490fd7829893a7ade8cd8f?s=96&d=mm&r=g\",\"caption\":\"Rebeca Riots\"}}]}<\/script>\n<!-- \/ Yoast SEO plugin. -->","yoast_head_json":{"title":"Alcalde Larrosa: \u201cLleida \u00e9s una ciutat d\u2019acollida i una ciutat d\u2019oportunitats\u201c - Promoci\u00f3 Econ\u00f2mica i Emprenedoria","robots":{"index":"index","follow":"follow","max-snippet":"max-snippet:-1","max-image-preview":"max-image-preview:large","max-video-preview":"max-video-preview:-1"},"canonical":"https:\/\/promocioeconomica.paeria.cat\/web\/alcalde-larrosa-lleida-es-una-ciutat-dacollida-i-una-ciutat-doportunitats\/","og_locale":"ca_ES","og_type":"article","og_title":"Alcalde Larrosa: \u201cLleida \u00e9s una ciutat d\u2019acollida i una ciutat d\u2019oportunitats\u201c - Promoci\u00f3 Econ\u00f2mica i Emprenedoria","og_description":"La Paeria presenta&nbsp;el nou programa De Lleida al m\u00f3n, en el marc de la 18a Recepci\u00f3 als Ambaixadors i les Ambaixadores de Lleida, aquest any a l\u2019Espai d\u2019Innovaci\u00f3 del Comer\u00e7 El nou programa incorpora la renovaci\u00f3 de la ins\u00edgnia i nous perfils digitals i professionals, essencials per desplegar la potencialitat de Lleida arreu del m\u00f3n ... Llegiu m\u00e9s","og_url":"https:\/\/promocioeconomica.paeria.cat\/web\/alcalde-larrosa-lleida-es-una-ciutat-dacollida-i-una-ciutat-doportunitats\/","og_site_name":"Promoci\u00f3 Econ\u00f2mica i Emprenedoria","article_published_time":"2026-01-02T13:11:48+00:00","article_modified_time":"2026-01-02T13:11:50+00:00","og_image":[{"width":768,"height":511,"url":"https:\/\/promocioeconomica.paeria.cat\/web\/wp-content\/uploads\/2026\/01\/large-1.jpeg","type":"image\/jpeg"}],"author":"Rebeca Riots","twitter_card":"summary_large_image","twitter_misc":{"Escrit per":"Rebeca Riots","Temps estimat de lectura":"5 minuts"},"schema":{"@context":"https:\/\/schema.org","@graph":[{"@type":"Article","@id":"https:\/\/promocioeconomica.paeria.cat\/web\/alcalde-larrosa-lleida-es-una-ciutat-dacollida-i-una-ciutat-doportunitats\/#article","isPartOf":{"@id":"https:\/\/promocioeconomica.paeria.cat\/web\/alcalde-larrosa-lleida-es-una-ciutat-dacollida-i-una-ciutat-doportunitats\/"},"author":{"name":"Rebeca Riots","@id":"https:\/\/promocioeconomica.paeria.cat\/web\/#\/schema\/person\/8914c85e1561bd3ee05ed7a9a966c940"},"headline":"Alcalde Larrosa: \u201cLleida \u00e9s una ciutat d\u2019acollida i una ciutat d\u2019oportunitats\u201c","datePublished":"2026-01-02T13:11:48+00:00","dateModified":"2026-01-02T13:11:50+00:00","mainEntityOfPage":{"@id":"https:\/\/promocioeconomica.paeria.cat\/web\/alcalde-larrosa-lleida-es-una-ciutat-dacollida-i-una-ciutat-doportunitats\/"},"wordCount":976,"publisher":{"@id":"https:\/\/promocioeconomica.paeria.cat\/web\/#organization"},"image":{"@id":"https:\/\/promocioeconomica.paeria.cat\/web\/alcalde-larrosa-lleida-es-una-ciutat-dacollida-i-una-ciutat-doportunitats\/#primaryimage"},"thumbnailUrl":"https:\/\/promocioeconomica.paeria.cat\/web\/wp-content\/uploads\/2026\/01\/large-1.jpeg","articleSection":["General"],"inLanguage":"ca"},{"@type":"WebPage","@id":"https:\/\/promocioeconomica.paeria.cat\/web\/alcalde-larrosa-lleida-es-una-ciutat-dacollida-i-una-ciutat-doportunitats\/","url":"https:\/\/promocioeconomica.paeria.cat\/web\/alcalde-larrosa-lleida-es-una-ciutat-dacollida-i-una-ciutat-doportunitats\/","name":"Alcalde Larrosa: \u201cLleida \u00e9s una ciutat d\u2019acollida i una ciutat d\u2019oportunitats\u201c - Promoci\u00f3 Econ\u00f2mica i Emprenedoria","isPartOf":{"@id":"https:\/\/promocioeconomica.paeria.cat\/web\/#website"},"primaryImageOfPage":{"@id":"https:\/\/promocioeconomica.paeria.cat\/web\/alcalde-larrosa-lleida-es-una-ciutat-dacollida-i-una-ciutat-doportunitats\/#primaryimage"},"image":{"@id":"https:\/\/promocioeconomica.paeria.cat\/web\/alcalde-larrosa-lleida-es-una-ciutat-dacollida-i-una-ciutat-doportunitats\/#primaryimage"},"thumbnailUrl":"https:\/\/promocioeconomica.paeria.cat\/web\/wp-content\/uploads\/2026\/01\/large-1.jpeg","datePublished":"2026-01-02T13:11:48+00:00","dateModified":"2026-01-02T13:11:50+00:00","breadcrumb":{"@id":"https:\/\/promocioeconomica.paeria.cat\/web\/alcalde-larrosa-lleida-es-una-ciutat-dacollida-i-una-ciutat-doportunitats\/#breadcrumb"},"inLanguage":"ca","potentialAction":[{"@type":"ReadAction","target":["https:\/\/promocioeconomica.paeria.cat\/web\/alcalde-larrosa-lleida-es-una-ciutat-dacollida-i-una-ciutat-doportunitats\/"]}]},{"@type":"ImageObject","inLanguage":"ca","@id":"https:\/\/promocioeconomica.paeria.cat\/web\/alcalde-larrosa-lleida-es-una-ciutat-dacollida-i-una-ciutat-doportunitats\/#primaryimage","url":"https:\/\/promocioeconomica.paeria.cat\/web\/wp-content\/uploads\/2026\/01\/large-1.jpeg","contentUrl":"https:\/\/promocioeconomica.paeria.cat\/web\/wp-content\/uploads\/2026\/01\/large-1.jpeg","width":768,"height":511},{"@type":"BreadcrumbList","@id":"https:\/\/promocioeconomica.paeria.cat\/web\/alcalde-larrosa-lleida-es-una-ciutat-dacollida-i-una-ciutat-doportunitats\/#breadcrumb","itemListElement":[{"@type":"ListItem","position":1,"name":"Inici","item":"https:\/\/promocioeconomica.paeria.cat\/web\/"},{"@type":"ListItem","position":2,"name":"Alcalde Larrosa: \u201cLleida \u00e9s una ciutat d\u2019acollida i una ciutat d\u2019oportunitats\u201c"}]},{"@type":"WebSite","@id":"https:\/\/promocioeconomica.paeria.cat\/web\/#website","url":"https:\/\/promocioeconomica.paeria.cat\/web\/","name":"Promoci\u00f3 Econ\u00f2mica i Emprenedoria","description":"Regidoria de Promoci\u00f3 Econ\u00f2mica i Emprenedoria","publisher":{"@id":"https:\/\/promocioeconomica.paeria.cat\/web\/#organization"},"potentialAction":[{"@type":"SearchAction","target":{"@type":"EntryPoint","urlTemplate":"https:\/\/promocioeconomica.paeria.cat\/web\/?s={search_term_string}"},"query-input":{"@type":"PropertyValueSpecification","valueRequired":true,"valueName":"search_term_string"}}],"inLanguage":"ca"},{"@type":"Organization","@id":"https:\/\/promocioeconomica.paeria.cat\/web\/#organization","name":"Ajuntament de Lleida","url":"https:\/\/promocioeconomica.paeria.cat\/web\/","logo":{"@type":"ImageObject","inLanguage":"ca","@id":"https:\/\/promocioeconomica.paeria.cat\/web\/#\/schema\/logo\/image\/","url":"https:\/\/promocioeconomica.paeria.cat\/web\/wp-content\/uploads\/2021\/06\/capcalera-promocio-economica.png","contentUrl":"https:\/\/promocioeconomica.paeria.cat\/web\/wp-content\/uploads\/2021\/06\/capcalera-promocio-economica.png","width":1100,"height":221,"caption":"Ajuntament de Lleida"},"image":{"@id":"https:\/\/promocioeconomica.paeria.cat\/web\/#\/schema\/logo\/image\/"}},{"@type":"Person","@id":"https:\/\/promocioeconomica.paeria.cat\/web\/#\/schema\/person\/8914c85e1561bd3ee05ed7a9a966c940","name":"Rebeca Riots","image":{"@type":"ImageObject","inLanguage":"ca","@id":"https:\/\/secure.gravatar.com\/avatar\/40ac44f726dab2542907c82ba2e9b4df3a1a3d6a5b490fd7829893a7ade8cd8f?s=96&d=mm&r=g","url":"https:\/\/secure.gravatar.com\/avatar\/40ac44f726dab2542907c82ba2e9b4df3a1a3d6a5b490fd7829893a7ade8cd8f?s=96&d=mm&r=g","contentUrl":"https:\/\/secure.gravatar.com\/avatar\/40ac44f726dab2542907c82ba2e9b4df3a1a3d6a5b490fd7829893a7ade8cd8f?s=96&d=mm&r=g","caption":"Rebeca Riots"}}]}},"_links":{"self":[{"href":"https:\/\/promocioeconomica.paeria.cat\/web\/wp-json\/wp\/v2\/posts\/3158","targetHints":{"allow":["GET"]}}],"collection":[{"href":"https:\/\/promocioeconomica.paeria.cat\/web\/wp-json\/wp\/v2\/posts"}],"about":[{"href":"https:\/\/promocioeconomica.paeria.cat\/web\/wp-json\/wp\/v2\/types\/post"}],"author":[{"embeddable":true,"href":"https:\/\/promocioeconomica.paeria.cat\/web\/wp-json\/wp\/v2\/users\/17"}],"replies":[{"embeddable":true,"href":"https:\/\/promocioeconomica.paeria.cat\/web\/wp-json\/wp\/v2\/comments?post=3158"}],"version-history":[{"count":1,"href":"https:\/\/promocioeconomica.paeria.cat\/web\/wp-json\/wp\/v2\/posts\/3158\/revisions"}],"predecessor-version":[{"id":3160,"href":"https:\/\/promocioeconomica.paeria.cat\/web\/wp-json\/wp\/v2\/posts\/3158\/revisions\/3160"}],"wp:featuredmedia":[{"embeddable":true,"href":"https:\/\/promocioeconomica.paeria.cat\/web\/wp-json\/wp\/v2\/media\/3159"}],"wp:attachment":[{"href":"https:\/\/promocioeconomica.paeria.cat\/web\/wp-json\/wp\/v2\/media?parent=3158"}],"wp:term":[{"taxonomy":"category","embeddable":true,"href":"https:\/\/promocioeconomica.paeria.cat\/web\/wp-json\/wp\/v2\/categories?post=3158"},{"taxonomy":"post_tag","embeddable":true,"href":"https:\/\/promocioeconomica.paeria.cat\/web\/wp-json\/wp\/v2\/tags?post=3158"}],"curies":[{"name":"wp","href":"https:\/\/api.w.org\/{rel}","templated":true}]}}